{"id":3804,"date":"2014-12-12T18:57:17","date_gmt":"2014-12-12T17:57:17","guid":{"rendered":"http:\/\/www.borsig11.de\/wordpress\/?p=3804"},"modified":"2019-04-25T11:33:19","modified_gmt":"2019-04-25T09:33:19","slug":"das-goldene-zeitalter","status":"publish","type":"post","link":"https:\/\/www.borsig11.de\/wordpress\/2014\/12\/das-goldene-zeitalter\/","title":{"rendered":"Das Goldene Zeitalter"},"content":{"rendered":"<h3><strong> Er\u00f6ffnung des Goldenen Zeitalters\u00a0am Borsigplatz<\/strong><\/h3>\n<p>Nicht gestern, nicht in ferner Zukunft,\u00a0genau am:<br \/>\n<strong>19|12|2014\u00a0ab 11:00 Uhr \u2013 OHNE ENDE<\/strong><br \/>\n<strong>Oesterholzstra\u00dfe 103 \/ Ecke Robertstra\u00dfe<\/strong><\/p>\n<p><strong>&gt; 11:00 Uhr: FR\u00dcHSCHOPPEN\u00a0mit Barista Andr\u00e9 alias AK-Alleskoenner<\/strong><br \/>\nWei\u00dfw\u00fcrschtel mit s\u00fc\u00dfem Senf und Brezeln\u00a0dazu. Kaffeespezialit\u00e4ten \/ -auch mit Soja- und goldener Milch. Frisch ger\u00f6stete Edelkastanien zum Abend hin.<\/p>\n<p><strong>&gt; FLIE\u00dfENDER \u00dcBERGANG: DJane Kazymir\u00a0rollt den goldenen Klangteppich aus<\/strong><br \/>\nSongwriting trifft Bossanova trifft Opernarien trifft Brazil trifft Jazz. Zur Einstimmung erfrischende Drinks: &#8222;hei\u00dfes gold&#8220; und &#8222;kaltes gold&#8220; \u2013 Chinchin!<\/p>\n<p><strong>&gt; 18:00 Uhr: URBAN FOLKLOR. FABIJAN &amp;\u00a0SEINE BALKAN BRASSBAND DEUTSCHLAND<\/strong><br \/>\nSchon ein paar Takte des Balkan-Gypsy-Root-Ensembles gen\u00fcgen, und man glaubt, vom s\u00fcffigem Balkan-Brass-Sound w\u00fcrde man selig und die Welt liege einem zu F\u00fc\u00dfen. In dieser zukunftsweisenden Aufbruchstimmung \u00a0werden Fabijan und seine Komplizen mit ihren Blasinstrumenten den Menschen am Borsigplatz, ihren Strassen und Pl\u00e4tzen neues Leben einhauchen: Vom Borsigplatz 9 zur Stra\u00dfe der realistsichen Wunder, \u00fcber die Morena-Stra\u00dfe, entlang des Kirschbl\u00fctenweges, direkt in die Goldenes &#8211; Zeitalter -Stra\u00dfe, wo wir dann mit weiteren musikalischen und kulinarsichen K\u00f6stlichkeiten die neue goldene \u00c4ra gemeinsam einl\u00e4uten und feiern.<\/p>\n<p>&#8212;<\/p>\n<figure id=\"attachment_3893\" aria-describedby=\"caption-attachment-3893\" style=\"width: 300px\" class=\"wp-caption alignnone\"><img loading=\"lazy\" decoding=\"async\" class=\"wp-image-3893 size-medium\" src=\"https:\/\/www.borsig11.de\/wordpress\/wp-content\/uploads\/2014\/12\/b.brass_11-300x200.jpg\" alt=\"Die Balkan Brass Band Deutschland l\u00e4utete jetzt das goldene Zeitalter ein. Foto: Alexander H\u00fcgel\" width=\"300\" height=\"200\" srcset=\"https:\/\/www.borsig11.de\/wordpress\/wp-content\/uploads\/2014\/12\/b.brass_11-300x200.jpg 300w, https:\/\/www.borsig11.de\/wordpress\/wp-content\/uploads\/2014\/12\/b.brass_11-1024x682.jpg 1024w, https:\/\/www.borsig11.de\/wordpress\/wp-content\/uploads\/2014\/12\/b.brass_11.jpg 1920w\" sizes=\"auto, (max-width: 300px) 100vw, 300px\" \/><figcaption id=\"caption-attachment-3893\" class=\"wp-caption-text\">Die Balkan Brass Band Deutschland l\u00e4utete das goldene Zeitalter ein. Fotos: Alexander H\u00fcgel<\/figcaption><\/figure>\n<p>Ein Bericht von Isabelle Reiff: <a href=\"https:\/\/www.borsig11.de\/wordpress\/2014\/12\/das-goldene-zeitalter-borsigplatz\/\">www.borsig11.de\/wordpress\/2014\/12\/das-goldene-zeitalter-borsigplatz<\/a><\/p>\n<p>&#8212;<\/p>\n<p><img loading=\"lazy\" decoding=\"async\" class=\"alignleft size-full wp-image-2404\" src=\"https:\/\/www.borsig11.de\/wordpress\/wp-content\/uploads\/2014\/06\/angela100.jpg\" alt=\"angela100\" width=\"100\" height=\"100\" srcset=\"https:\/\/www.borsig11.de\/wordpress\/wp-content\/uploads\/2014\/06\/angela100.jpg 100w, https:\/\/www.borsig11.de\/wordpress\/wp-content\/uploads\/2014\/06\/angela100-90x90.jpg 90w\" sizes=\"auto, (max-width: 100px) 100vw, 100px\" \/><strong>Angela Ljiljanic<\/strong><br \/>\n<em>Das\u00a0Goldene Zeitalter<\/em><br \/>\nemail:\u00a0<a title=\"Email an Angela Ljiljanic\" href=\"mailto:angela@borsig11.de\">angela@borsig11.de<\/a><\/p>\n<p><em>Das\u00a0Goldene Zeitalter<\/em> wird realisiert mit den <a title=\"100 000 Chancen f\u00fcr den Borsigplatz\" href=\"https:\/\/www.borsig11.de\/wordpress\/2014\/06\/100-000-chancen-fuer-den-borsigplatz\/\" target=\"_blank\" rel=\"noopener noreferrer\">Chancen<\/a> der Bewohner des Borsigplatz-Quartiers<br \/>\neine Aktion von\u00a0<a title=\"Angela in Public Residence\" href=\"https:\/\/www.borsig11.de\/wordpress\/category\/public-residence\/angela-ljiljanic\/\">Angela Ljiljanic<\/a><br \/>\nim Rahmen von\u00a0<a title=\"Public Residence: Die Chance\" href=\"https:\/\/www.borsig11.de\/wordpress\/public-residence\/\">PUBLIC RESIDENCE: DIE CHANCE<\/a><br \/>\nein Projekt von\u00a0<a title=\"Machbarschaft Borsig11\" href=\"https:\/\/www.borsig11.de\/wordpress\/info\/\">Machbarschaft Borsig11<\/a><br \/>\nin Kooperation mit\u00a0der\u00a0<a title=\"Montag Stiftung\" href=\"http:\/\/www.montag-stiftungen.de\/kunst-und-gesellschaft\/stiftung-kunst-und-gesellschaft.html\" target=\"_blank\" rel=\"noopener noreferrer\">Montag Stiftung Kunst und Gesellschaft<\/a><\/p>\n<figure id=\"attachment_3803\" aria-describedby=\"caption-attachment-3803\" style=\"width: 500px\" class=\"wp-caption alignnone\"><img loading=\"lazy\" decoding=\"async\" class=\"wp-image-3803\" src=\"https:\/\/www.borsig11.de\/wordpress\/wp-content\/uploads\/2014\/12\/GoldenAge_web.jpg\" alt=\"Das Goldene Zeitalter. Foto: Angela Ljiljanic\" width=\"500\" height=\"708\" srcset=\"https:\/\/www.borsig11.de\/wordpress\/wp-content\/uploads\/2014\/12\/GoldenAge_web.jpg 650w, https:\/\/www.borsig11.de\/wordpress\/wp-content\/uploads\/2014\/12\/GoldenAge_web-211x300.jpg 211w\" sizes=\"auto, (max-width: 500px) 100vw, 500px\" \/><figcaption id=\"caption-attachment-3803\" class=\"wp-caption-text\">Das Goldene Zeitalter. Foto: Angela Ljiljanic<\/figcaption><\/figure>\n","protected":false},"excerpt":{"rendered":"<p>Er\u00f6ffnung des Goldenen Zeitalters\u00a0am Borsigplatz Nicht gestern, nicht in ferner Zukunft,\u00a0genau am: 19|12|2014\u00a0ab 11:00 Uhr \u2013 OHNE ENDE Oesterholzstra\u00dfe 103 \/ Ecke Robertstra\u00dfe &gt; 11:00 Uhr: FR\u00dcHSCHOPPEN\u00a0mit Barista Andr\u00e9 alias AK-Alleskoenner Wei\u00dfw\u00fcrschtel mit s\u00fc\u00dfem Senf und Brezeln\u00a0dazu. Kaffeespezialit\u00e4ten \/ -auch mit Soja- und goldener Milch. Frisch ger\u00f6stete Edelkastanien zum Abend hin. &gt; FLIE\u00dfENDER \u00dcBERGANG: DJane &hellip;<\/p>\n","protected":false},"author":10,"featured_media":3880,"comment_status":"open","ping_status":"open","sticky":false,"template":"","format":"standard","meta":{"footnotes":""},"categories":[178,173,1,147,136,177],"tags":[86,152,116,89,57,185],"class_list":["post-3804","post","type-post","status-publish","format-standard","has-post-thumbnail","","category-178","category-aktionen","category-aktuell","category-angela-ljiljanic","category-public-residence","category-veranstaltungen","tag-borsigplatz","tag-chancen","tag-faktor-kunst","tag-kunst","tag-nachbarschaft","tag-public-residence"],"_links":{"self":[{"href":"https:\/\/www.borsig11.de\/wordpress\/wp-json\/wp\/v2\/posts\/3804","targetHints":{"allow":["GET"]}}],"collection":[{"href":"https:\/\/www.borsig11.de\/wordpress\/wp-json\/wp\/v2\/posts"}],"about":[{"href":"https:\/\/www.borsig11.de\/wordpress\/wp-json\/wp\/v2\/types\/post"}],"author":[{"embeddable":true,"href":"https:\/\/www.borsig11.de\/wordpress\/wp-json\/wp\/v2\/users\/10"}],"replies":[{"embeddable":true,"href":"https:\/\/www.borsig11.de\/wordpress\/wp-json\/wp\/v2\/comments?post=3804"}],"version-history":[{"count":0,"href":"https:\/\/www.borsig11.de\/wordpress\/wp-json\/wp\/v2\/posts\/3804\/revisions"}],"wp:featuredmedia":[{"embeddable":true,"href":"https:\/\/www.borsig11.de\/wordpress\/wp-json\/wp\/v2\/media\/3880"}],"wp:attachment":[{"href":"https:\/\/www.borsig11.de\/wordpress\/wp-json\/wp\/v2\/media?parent=3804"}],"wp:term":[{"taxonomy":"category","embeddable":true,"href":"https:\/\/www.borsig11.de\/wordpress\/wp-json\/wp\/v2\/categories?post=3804"},{"taxonomy":"post_tag","embeddable":true,"href":"https:\/\/www.borsig11.de\/wordpress\/wp-json\/wp\/v2\/tags?post=3804"}],"curies":[{"name":"wp","href":"https:\/\/api.w.org\/{rel}","templated":true}]}}