{"id":49508,"date":"2017-12-13T09:35:23","date_gmt":"2017-12-13T08:35:23","guid":{"rendered":"http:\/\/www.borsig11.de\/wordpress\/?p=49508"},"modified":"2018-02-16T17:24:09","modified_gmt":"2018-02-16T16:24:09","slug":"givebox-winter-schluss-aktion","status":"publish","type":"post","link":"https:\/\/www.borsig11.de\/wordpress\/2017\/12\/givebox-winter-schluss-aktion\/","title":{"rendered":"Givebox Winter-Schluss-Aktion"},"content":{"rendered":"<p><img loading=\"lazy\" decoding=\"async\" class=\"alignnone size-full wp-image-49509\" src=\"https:\/\/www.borsig11.de\/wordpress\/wp-content\/uploads\/2018\/01\/Auf-dem-Flohmarkt1200.jpg\" alt=\"\" width=\"1200\" height=\"650\" srcset=\"https:\/\/www.borsig11.de\/wordpress\/wp-content\/uploads\/2018\/01\/Auf-dem-Flohmarkt1200.jpg 1200w, https:\/\/www.borsig11.de\/wordpress\/wp-content\/uploads\/2018\/01\/Auf-dem-Flohmarkt1200-300x163.jpg 300w, https:\/\/www.borsig11.de\/wordpress\/wp-content\/uploads\/2018\/01\/Auf-dem-Flohmarkt1200-768x416.jpg 768w, https:\/\/www.borsig11.de\/wordpress\/wp-content\/uploads\/2018\/01\/Auf-dem-Flohmarkt1200-1024x555.jpg 1024w\" sizes=\"auto, (max-width: 1200px) 100vw, 1200px\" \/><\/p>\n<p><strong>Sa, 10. Februar 2018, ab 15 Uhr <\/strong><br \/>\nChancen-Caf\u00e9 103, Oesterholzstra\u00dfe 103<\/p>\n<p>Wir machen Platz f\u00fcr Neues! Mit der Winter-Schluss-Aktion der <a href=\"https:\/\/www.borsig11.de\/wordpress\/2017\/12\/borsig11-givebox-2\/\">Borsig11 Givebox<\/a> wird die 103 zum &#8222;Umsonst-Laden&#8220;. St\u00f6bern, tauschen, mitnehmen \u2013 bei Kaffee und Kuchen. Wir freuen uns auf euch!<\/p>\n<p>\u2014<\/p>\n<p>Die <a href=\"https:\/\/www.borsig11.de\/wordpress\/2017\/12\/borsig11-givebox-2\/\">Givebox<\/a> in der 103 ist ein Projekt von Cem Kabakci \/ <a href=\"https:\/\/www.borsig11.de\/wordpress\/info\/\">Machbarschaft Borsig11 e.V.<\/a> und wird realisiert mit den Chancen der Bewohner des Borsigplatz-Quartiers. Weitere Informationen: <a href=\"http:\/\/www.borsig11.de\/givebox\">www.borsig11.de\/givebox<\/a><\/p>\n<p>&nbsp;<\/p>\n","protected":false},"excerpt":{"rendered":"<p>Sa, 10. Februar 2018, ab 15 Uhr Chancen-Caf\u00e9 103, Oesterholzstra\u00dfe 103 Wir machen Platz f\u00fcr Neues! Mit der Winter-Schluss-Aktion der Borsig11 Givebox wird die 103 zum &#8222;Umsonst-Laden&#8220;. St\u00f6bern, tauschen, mitnehmen \u2013 bei Kaffee und Kuchen. Wir freuen uns auf euch! \u2014 Die Givebox in der 103 ist ein Projekt von Cem Kabakci \/ Machbarschaft Borsig11 &hellip;<\/p>\n","protected":false},"author":10,"featured_media":49509,"comment_status":"open","ping_status":"open","sticky":false,"template":"","format":"standard","meta":{"footnotes":""},"categories":[178,1,136,177],"tags":[],"class_list":["post-49508","post","type-post","status-publish","format-standard","has-post-thumbnail","","category-178","category-aktuell","category-public-residence","category-veranstaltungen"],"_links":{"self":[{"href":"https:\/\/www.borsig11.de\/wordpress\/wp-json\/wp\/v2\/posts\/49508","targetHints":{"allow":["GET"]}}],"collection":[{"href":"https:\/\/www.borsig11.de\/wordpress\/wp-json\/wp\/v2\/posts"}],"about":[{"href":"https:\/\/www.borsig11.de\/wordpress\/wp-json\/wp\/v2\/types\/post"}],"author":[{"embeddable":true,"href":"https:\/\/www.borsig11.de\/wordpress\/wp-json\/wp\/v2\/users\/10"}],"replies":[{"embeddable":true,"href":"https:\/\/www.borsig11.de\/wordpress\/wp-json\/wp\/v2\/comments?post=49508"}],"version-history":[{"count":0,"href":"https:\/\/www.borsig11.de\/wordpress\/wp-json\/wp\/v2\/posts\/49508\/revisions"}],"wp:featuredmedia":[{"embeddable":true,"href":"https:\/\/www.borsig11.de\/wordpress\/wp-json\/wp\/v2\/media\/49509"}],"wp:attachment":[{"href":"https:\/\/www.borsig11.de\/wordpress\/wp-json\/wp\/v2\/media?parent=49508"}],"wp:term":[{"taxonomy":"category","embeddable":true,"href":"https:\/\/www.borsig11.de\/wordpress\/wp-json\/wp\/v2\/categories?post=49508"},{"taxonomy":"post_tag","embeddable":true,"href":"https:\/\/www.borsig11.de\/wordpress\/wp-json\/wp\/v2\/tags?post=49508"}],"curies":[{"name":"wp","href":"https:\/\/api.w.org\/{rel}","templated":true}]}}