{"id":53975,"date":"2021-07-01T01:53:00","date_gmt":"2021-06-30T23:53:00","guid":{"rendered":"https:\/\/www.borsig11.de\/wordpress\/?p=53975"},"modified":"2022-07-30T14:44:18","modified_gmt":"2022-07-30T12:44:18","slug":"nordstadt-session-aidara-seck","status":"publish","type":"post","link":"https:\/\/www.borsig11.de\/wordpress\/2021\/07\/nordstadt-session-aidara-seck\/","title":{"rendered":"Nordstadt Session: Aidara Seck"},"content":{"rendered":"\n<figure class=\"wp-block-embed is-type-video is-provider-youtube wp-block-embed-youtube wp-embed-aspect-16-9 wp-has-aspect-ratio\"><div class=\"wp-block-embed__wrapper\">\n<iframe loading=\"lazy\" title=\"Nordstadt Session: Aidara Seck\" width=\"618\" height=\"348\" src=\"https:\/\/www.youtube.com\/embed\/ezydFhTLAcI?feature=oembed\" frameborder=\"0\" allow=\"accelerometer; autoplay; clipboard-write; encrypted-media; gyroscope; picture-in-picture; web-share\" referrerpolicy=\"strict-origin-when-cross-origin\" allowfullscreen><\/iframe>\n<\/div><\/figure>\n\n\n\n<p><strong>Fr, 06. August 2021, 19 Uhr <\/strong><br>Kleine B\u00fchne 103, Oesterholzstra\u00dfe 103, 44145 Dortmund <\/p>\n\n\n\n<p>\u201eHaware\u201c bedeutet in Wolof, der Landessprache des Senegals: &#8222;Gemeinsam eine sch\u00f6ne Zeit miteinander verbringen!&#8220;<\/p>\n\n\n\n<p><a href=\"http:\/\/aidara-seck.de\/\" target=\"_blank\" rel=\"noreferrer noopener\">Aidara Seck<\/a> ist S\u00e4nger, Percussionist und Entertainer. Aus einer traditionellen Musikerfamilie &#8211; den Griots &#8211; stammend, ist er quasi trommelnd und singend auf die Welt gekommen, der Rhythmus sein Zuhause.<\/p>\n\n\n\n<p>Das aus dem Senegal stammende Multitalent bezaubert Jung und Alt mit seiner samtig-warmen Stimme. Ob sanfte T\u00f6ne zum Wegtr\u00e4umen oder kraftvoll mitrei\u00dfend und zum Tanzen animierend: seine Lieder sind immer gespickt mit ganz viel positiver Energie und Lebensfreude.<\/p>\n\n\n\n<p><strong>Anmeldung: &gt;&gt; <a href=\"mailto:info@borsig11.de\">info(at)borsig11.de<\/a><\/strong><\/p>\n\n\n\n<p><strong>Livestream<strong>:<\/strong> &gt;&gt; <a href=\"https:\/\/www.facebook.com\/ChancenRaum103\">https:\/\/www.facebook.com\/ChancenRaum103<\/a><\/strong><\/p>\n\n\n\n<p><\/p>\n\n\n\n<p>Acoustic Nordstadt Session Open Air: Im Anschluss an den Opener ist bei gutem Wetter die B\u00fchne frei f\u00fcr alle, die mit ihren Beitr\u00e4gen den Sound der Dortmunder Nordstadt bereichern wollen!<\/p>\n\n\n\n<p class=\"has-very-light-gray-color has-vivid-red-background-color has-text-color has-background\"><strong><strong>+++ Aufgrund der Einschr\u00e4nkungen des sozialen Lebens ist die Besucher*innenzahl im Chancen-Caf\u00e9 103 begrenzt. <strong>Um Anmeldung wird gebeten<strong>.<\/strong><\/strong><\/strong><\/strong> <strong><strong>Bei gutem Wetter findet die Nordstadt Session im Au\u00dfenbereich statt. Der Opener ist unabh\u00e4ngig von der Wetterlage im <a href=\"https:\/\/www.facebook.com\/watch\/ChancenRaum103\" target=\"_blank\" rel=\"noreferrer noopener\">Livestream<\/a> zu sehen. +++<\/strong><\/strong><\/p>\n\n\n\n<p>&#8212;<\/p>\n\n\n\n<p>Nordstadt Session. Erinnert ihr euch? Klein hat es angefangen, 2017 auf der Kleinen B\u00fchne 103 \u2013 bring&#8216; dein Instrument mit und steig&#8216; ein. Zwei Jahre lang haben wir danach jeden zweiten Freitag in der DO-BO Villa bis in die Morgenstunden gefeiert. Dann wurde der Club im Hoeschpark geschlossen. Und dann auch noch Corona. Und jetzt?<\/p>\n\n\n\n<p>Im Sommer 2020 haben wir jeden Freitag bei gutem Wetter <a href=\"https:\/\/www.youtube.com\/watch?v=r-21BI-e5uU&amp;list=PLu8jQYk5XHm4FEXNmVwDmRpgLlykuz24l\" target=\"_blank\" rel=\"noreferrer noopener\">auf der Stra\u00dfe gejammt<\/a>. Im Lockdown 2020\/21 haben wir Freitags einen <a href=\"https:\/\/www.facebook.com\/watch\/ChancenRaum103\" target=\"_blank\" rel=\"noreferrer noopener\">Livestream<\/a> mit lokalen Musiker*innen von der Kleinen B\u00fchne 103 gezeigt. Beides soll weitergehen. Jetzt, wo es wieder w\u00e4rmer ist, verlagern wir unsere Aktivit\u00e4ten wieder vor die T\u00fcr \u2013 dahin, wo die Aerosole schnell verfliegen. Unabh\u00e4ngig von der Wetterlage wird der Opener gestreamt. <\/p>\n\n\n\n<p>Die <a href=\"https:\/\/www.borsig11.de\/wordpress\/nordstadt-sessions\/\">Nordstadt Sessions<\/a> sind Teil des Programms &#8222;Sal\u0101m 103&#8220; von Julia Rumi \/ <a href=\"https:\/\/www.borsig11.de\/wordpress\/info\/\">Machbarschaft Borsig11 e.V.<\/a>, in Kooperation mit der <a rel=\"noreferrer noopener\" href=\"https:\/\/www.kulturmeilenordstadt.de\/\" target=\"_blank\">KulturMeileNordstadt<\/a>, gef\u00f6rdert vom Ministerium f\u00fcr Kultur und Wissenschaft des Landes Nordrhein-Westfalen, von <a rel=\"noreferrer noopener\" href=\"https:\/\/interkultur.ruhr\" target=\"_blank\">Interkultur Ruhr<\/a> und vom Kulturb\u00fcro Dortmund, realisiert mit den&nbsp;<a rel=\"noreferrer noopener\" href=\"https:\/\/www.borsig11.de\/wordpress\/2014\/06\/100-000-chancen-fuer-den-borsigplatz\/\" target=\"_blank\">Chancen<\/a>&nbsp;der Bewohner*innen des Borsigplatz-Quartiers.<\/p>\n\n\n\n<p>&#8212;<br><\/p>\n\n\n\n<figure class=\"wp-block-image\"><img decoding=\"async\" src=\"https:\/\/www.borsig11.de\/wordpress\/wp-content\/uploads\/2018\/10\/Interkultur_rvr_GEO_s_bis25mm-300x43.png\" alt=\"Dieses Bild hat ein leeres Alt-Attribut. Der Dateiname ist Interkultur_rvr_GEO_s_bis25mm-300x43.png\"\/><\/figure>\n\n\n\n<figure class=\"wp-block-image\"><img decoding=\"async\" src=\"https:\/\/www.borsig11.de\/wordpress\/wp-content\/uploads\/2018\/11\/AK_Kultur-und-Wissenschaft_Schwarz_RGB_kl-300x62.png\" alt=\"Dieses Bild hat ein leeres Alt-Attribut. Der Dateiname ist AK_Kultur-und-Wissenschaft_Schwarz_RGB_kl-300x62.png\"\/><\/figure>\n\n\n\n<div class=\"wp-block-image\"><figure class=\"alignleft is-resized\"><img loading=\"lazy\" decoding=\"async\" src=\"https:\/\/www.borsig11.de\/wordpress\/wp-content\/uploads\/2018\/10\/LogoKulturbu\u0308ro_sw-Wappen_gefu\u0308llt_web-1024x265.jpg\" alt=\"\" class=\"wp-image-52001\" width=\"294\" height=\"76\"\/><\/figure><\/div>\n","protected":false},"excerpt":{"rendered":"<p>Fr, 06. August 2021, 19 Uhr Kleine B\u00fchne 103, Oesterholzstra\u00dfe 103, 44145 Dortmund \u201eHaware\u201c bedeutet in Wolof, der Landessprache des Senegals: &#8222;Gemeinsam eine sch\u00f6ne Zeit miteinander verbringen!&#8220; Aidara Seck ist S\u00e4nger, Percussionist und Entertainer. Aus einer traditionellen Musikerfamilie &#8211; den Griots &#8211; stammend, ist er quasi trommelnd und singend auf die Welt gekommen, der Rhythmus &hellip;<\/p>\n","protected":false},"author":10,"featured_media":55449,"comment_status":"closed","ping_status":"open","sticky":false,"template":"","format":"standard","meta":{"footnotes":""},"categories":[178,1,290,311,136,177],"tags":[],"class_list":["post-53975","post","type-post","status-publish","format-standard","has-post-thumbnail","","category-178","category-aktuell","category-marhaba-103","category-nordstadt-session","category-public-residence","category-veranstaltungen"],"_links":{"self":[{"href":"https:\/\/www.borsig11.de\/wordpress\/wp-json\/wp\/v2\/posts\/53975","targetHints":{"allow":["GET"]}}],"collection":[{"href":"https:\/\/www.borsig11.de\/wordpress\/wp-json\/wp\/v2\/posts"}],"about":[{"href":"https:\/\/www.borsig11.de\/wordpress\/wp-json\/wp\/v2\/types\/post"}],"author":[{"embeddable":true,"href":"https:\/\/www.borsig11.de\/wordpress\/wp-json\/wp\/v2\/users\/10"}],"replies":[{"embeddable":true,"href":"https:\/\/www.borsig11.de\/wordpress\/wp-json\/wp\/v2\/comments?post=53975"}],"version-history":[{"count":4,"href":"https:\/\/www.borsig11.de\/wordpress\/wp-json\/wp\/v2\/posts\/53975\/revisions"}],"predecessor-version":[{"id":55452,"href":"https:\/\/www.borsig11.de\/wordpress\/wp-json\/wp\/v2\/posts\/53975\/revisions\/55452"}],"wp:featuredmedia":[{"embeddable":true,"href":"https:\/\/www.borsig11.de\/wordpress\/wp-json\/wp\/v2\/media\/55449"}],"wp:attachment":[{"href":"https:\/\/www.borsig11.de\/wordpress\/wp-json\/wp\/v2\/media?parent=53975"}],"wp:term":[{"taxonomy":"category","embeddable":true,"href":"https:\/\/www.borsig11.de\/wordpress\/wp-json\/wp\/v2\/categories?post=53975"},{"taxonomy":"post_tag","embeddable":true,"href":"https:\/\/www.borsig11.de\/wordpress\/wp-json\/wp\/v2\/tags?post=53975"}],"curies":[{"name":"wp","href":"https:\/\/api.w.org\/{rel}","templated":true}]}}