{"id":54201,"date":"2021-07-19T23:43:00","date_gmt":"2021-07-19T21:43:00","guid":{"rendered":"https:\/\/www.borsig11.de\/wordpress\/?p=54201"},"modified":"2022-01-11T15:34:39","modified_gmt":"2022-01-11T14:34:39","slug":"nordstadt-session-imran-khan","status":"publish","type":"post","link":"https:\/\/www.borsig11.de\/wordpress\/2021\/07\/nordstadt-session-imran-khan\/","title":{"rendered":"Nordstadt Session: Imran Khan"},"content":{"rendered":"\n<figure class=\"wp-block-embed is-type-rich is-provider-handler-einbetten wp-block-embed-handler-einbetten wp-embed-aspect-16-9 wp-has-aspect-ratio\"><div class=\"wp-block-embed__wrapper\">\n<iframe loading=\"lazy\" title=\"Nordstadt Session 10.05.2018\" width=\"618\" height=\"348\" src=\"https:\/\/www.youtube.com\/embed\/8woziCFT-4c?feature=oembed\" frameborder=\"0\" allow=\"accelerometer; autoplay; clipboard-write; encrypted-media; gyroscope; picture-in-picture; web-share\" referrerpolicy=\"strict-origin-when-cross-origin\" allowfullscreen><\/iframe>\n<\/div><\/figure>\n\n\n\n<p><strong>Fr, 22. Oktober 2021, 19 Uhr <\/strong><br>Studio 103, Oesterholzstra\u00dfe 103, 44145 Dortmund <\/p>\n\n\n\n<p class=\"has-very-light-gray-color has-vivid-red-background-color has-text-color has-background\"><strong>Aufgrund der Einschr\u00e4nkungen des sozialen Lebens ist die Besucher*innenzahl im Chancen-Caf\u00e9 103 begrenzt. Um Anmeldung wird gebeten. Bei gutem Wetter findet die Nordstadt Session im Au\u00dfenbereich statt. Der Opener ist unabh\u00e4ngig von der Wetterlage im <a href=\"https:\/\/www.facebook.com\/watch\/ChancenRaum103\" target=\"_blank\" rel=\"noreferrer noopener\">Livestream<\/a> zu sehen.<\/strong><\/p>\n\n\n\n<p>Imran Khan geh\u00f6rt zur ber\u00fchmten Linie der Sikar-Gharana (Musikschule), die der klassischen indischen Musik viele herausragende Pers\u00f6nlichkeiten geschenkt hat. Geboren am 4. Juni 1983 in Jodhpur in der neunten Generation der gharana, begann er seine Sitar-Ausbildung im Alter von 6 Jahren bei seinem Gro\u00dfvater Ustad Gulab Khan Sahab, der sowohl als Sarangi-Spieler als auch als Vokalist seiner Zeit hoch angesehen ist. Auch von seinem Vater, Ustad Niyaz Ahmed Khan Sahab, wurde er ausgebildet, der ein ber\u00fchmter Sitar-Spieler bei ALL INDIA Radio, Jodhpur in Rajasthan ist, sowie von seinen Onkeln, dem weltber\u00fchmten Sarangi-Spieler und S\u00e4nger Ustad Sultan Khan, der Teil der Gruppe &#8222;Dark Horse&#8220; von George Harrison (Beatles) und Pandit Ravi Shankar war, und von Ustad Nasir Khan, der ebenfalls Sitar-Spieler ist.<\/p>\n\n\n\n<p>Seinen ersten Soloauftritt gab Imran Khan im Alter von 12 Jahren auf dem Jugendfestival von All India Radio. Seitdem hat er seine Musik auf Konzerte und Festivals in ganz Indien und im Ausland gebracht. Er ist unter anderem in Deutschland, Frankreich, Belgien, Holland, Thailand, Kambodscha, Malaysia und Laos aufgetreten. In jahrelanger harter Arbeit, durchdachter kreativer Analyse und Hingabe hat Imran Khan einen einzigartigen Stil entwickelt, der sich durch sein feines Gesp\u00fcr f\u00fcr sur und laya (Melodie und Rhythmus) auszeichnet. Dabei ist er nicht nur ein K\u00fcnstler der klassischen Musik, sondern auch der Unterhaltungsmusik. So hat er an mehreren Filmen sowie an zahlreichen Alben mit Fusion- und Popmusik mitgewirkt. Daneben ist Imran Khan auch Komponist und hat bereits mehrere eigene Alben ver\u00f6ffentlicht. <a href=\"http:\/\/imrankhanmusic.com\" target=\"_blank\" rel=\"noreferrer noopener\">http:\/\/imrankhanmusic.com<\/a><\/p>\n\n\n\n<p>Am 22. Oktober 2021 ist Imran Khan auf der Kleinen B\u00fchne 103 zu Gast. Nach der ersten Ausgabe <a href=\"https:\/\/www.borsig11.de\/wordpress\/2017\/12\/workshop-und-konzert-mit-imran-khan\/\">2018<\/a> geht die Veranstaltung in Kooperation mit ProJazz e.V. in die zweite Runde. Auch dieses Jahr findet nachmittags um 15 Uhr ein <a href=\"https:\/\/www.borsig11.de\/wordpress\/2021\/08\/workshop-mit-imran-khan\/\">Workshop<\/a> statt. Um 19 Uhr folgt ein Konzert, in dem die Ergebnisse des Workshops pr\u00e4sentiert werden. Bei gutem Wetter besteht im Anschluss die M\u00f6glichkeit, gemeinsam im Freien zu musizieren.<\/p>\n\n\n\n<p><strong>Anmeldung: &gt;&gt; <a href=\"mailto:info@borsig11.de\">info(at)borsig11.de<\/a><\/strong><\/p>\n\n\n\n<p><strong>Livestream<strong>:<\/strong> >> <a href=\"https:\/\/www.facebook.com\/ChancenRaum103\" target=\"_blank\" rel=\"noreferrer noopener\">https:\/\/www.facebook.com\/watch\/ChancenRaum103<\/a><\/strong><\/p>\n\n\n\n<p><strong>Workshop: >> <a href=\"https:\/\/www.borsig11.de\/wordpress\/2021\/08\/workshop-mit-imran-khan\/\">Einf\u00fchrung in die indische Musik mit Ustad Imran Khan<\/a><\/strong><\/p>\n\n\n\n<p>&#8212;<\/p>\n\n\n\n<p>Nordstadt Session. Klein hat es angefangen, 2017 auf der Kleinen B\u00fchne 103 \u2013 bring&#8216; dein Instrument mit und steig&#8216; ein. Zwei Jahre lang haben wir danach jeden zweiten Freitag in der DO-BO Villa bis in die Morgenstunden gefeiert. Dann wurde der Club im Hoeschpark geschlossen. Und dann auch noch Corona. Und jetzt?<\/p>\n\n\n\n<p>Im Lockdown 2020\/21 haben wir Freitags einen <a href=\"https:\/\/www.facebook.com\/watch\/ChancenRaum103\" target=\"_blank\" rel=\"noreferrer noopener\">Livestream<\/a> mit lokalen Musiker*innen von der Kleinen B\u00fchne 103 gezeigt. Im Sommer verlagern wir unsere Aktivit\u00e4ten wieder vor die T\u00fcr \u2013 dahin, wo die Aerosole schnell verfliegen. Unabh\u00e4ngig von der Wetterlage wird der Opener gestreamt. <\/p>\n\n\n\n<p>Die <a href=\"https:\/\/www.borsig11.de\/wordpress\/nordstadt-sessions\/\">Nordstadt Sessions<\/a> sind Teil des Programms &#8222;Sal\u0101m 103&#8220; von Julia Rumi \/ <a href=\"https:\/\/www.borsig11.de\/wordpress\/info\/\">Machbarschaft Borsig11 e.V.<\/a>, in Kooperation mit der <a href=\"https:\/\/www.kulturmeilenordstadt.de\/\" rel=\"noreferrer noopener\" target=\"_blank\">KulturMeileNordstadt<\/a>, gef\u00f6rdert vom Ministerium f\u00fcr Kultur und Wissenschaft des Landes Nordrhein-Westfalen, von <a rel=\"noreferrer noopener\" href=\"https:\/\/interkultur.ruhr\" target=\"_blank\">Interkultur Ruhr<\/a> und vom Kulturb\u00fcro Dortmund, realisiert mit den&nbsp;<a rel=\"noreferrer noopener\" href=\"https:\/\/www.borsig11.de\/wordpress\/2014\/06\/100-000-chancen-fuer-den-borsigplatz\/\" target=\"_blank\">Chancen<\/a>&nbsp;der Bewohner*innen des Borsigplatz-Quartiers.<\/p>\n\n\n\n<p><\/p>\n\n\n\n<p>&#8212;<br><\/p>\n\n\n\n<figure class=\"wp-block-image\"><img decoding=\"async\" src=\"https:\/\/www.borsig11.de\/wordpress\/wp-content\/uploads\/2018\/10\/Interkultur_rvr_GEO_s_bis25mm-300x43.png\" alt=\"Dieses Bild hat ein leeres Alt-Attribut. Der Dateiname ist Interkultur_rvr_GEO_s_bis25mm-300x43.png\"\/><\/figure>\n\n\n\n<figure class=\"wp-block-image\"><img decoding=\"async\" src=\"https:\/\/www.borsig11.de\/wordpress\/wp-content\/uploads\/2018\/11\/AK_Kultur-und-Wissenschaft_Schwarz_RGB_kl-300x62.png\" alt=\"Dieses Bild hat ein leeres Alt-Attribut. Der Dateiname ist AK_Kultur-und-Wissenschaft_Schwarz_RGB_kl-300x62.png\"\/><\/figure>\n\n\n\n<div class=\"wp-block-image\"><figure class=\"alignleft is-resized\"><img loading=\"lazy\" decoding=\"async\" src=\"https:\/\/www.borsig11.de\/wordpress\/wp-content\/uploads\/2018\/10\/LogoKulturbu\u0308ro_sw-Wappen_gefu\u0308llt_web-1024x265.jpg\" alt=\"\" class=\"wp-image-52001\" width=\"294\" height=\"76\"\/><\/figure><\/div>\n","protected":false},"excerpt":{"rendered":"<p>Fr, 22. Oktober 2021, 19 Uhr Studio 103, Oesterholzstra\u00dfe 103, 44145 Dortmund Aufgrund der Einschr\u00e4nkungen des sozialen Lebens ist die Besucher*innenzahl im Chancen-Caf\u00e9 103 begrenzt. Um Anmeldung wird gebeten. Bei gutem Wetter findet die Nordstadt Session im Au\u00dfenbereich statt. Der Opener ist unabh\u00e4ngig von der Wetterlage im Livestream zu sehen. Imran Khan geh\u00f6rt zur ber\u00fchmten &hellip;<\/p>\n","protected":false},"author":10,"featured_media":54216,"comment_status":"closed","ping_status":"open","sticky":false,"template":"","format":"standard","meta":{"footnotes":""},"categories":[178,1,290,311,136,177],"tags":[],"class_list":["post-54201","post","type-post","status-publish","format-standard","has-post-thumbnail","","category-178","category-aktuell","category-marhaba-103","category-nordstadt-session","category-public-residence","category-veranstaltungen"],"_links":{"self":[{"href":"https:\/\/www.borsig11.de\/wordpress\/wp-json\/wp\/v2\/posts\/54201","targetHints":{"allow":["GET"]}}],"collection":[{"href":"https:\/\/www.borsig11.de\/wordpress\/wp-json\/wp\/v2\/posts"}],"about":[{"href":"https:\/\/www.borsig11.de\/wordpress\/wp-json\/wp\/v2\/types\/post"}],"author":[{"embeddable":true,"href":"https:\/\/www.borsig11.de\/wordpress\/wp-json\/wp\/v2\/users\/10"}],"replies":[{"embeddable":true,"href":"https:\/\/www.borsig11.de\/wordpress\/wp-json\/wp\/v2\/comments?post=54201"}],"version-history":[{"count":3,"href":"https:\/\/www.borsig11.de\/wordpress\/wp-json\/wp\/v2\/posts\/54201\/revisions"}],"predecessor-version":[{"id":55016,"href":"https:\/\/www.borsig11.de\/wordpress\/wp-json\/wp\/v2\/posts\/54201\/revisions\/55016"}],"wp:featuredmedia":[{"embeddable":true,"href":"https:\/\/www.borsig11.de\/wordpress\/wp-json\/wp\/v2\/media\/54216"}],"wp:attachment":[{"href":"https:\/\/www.borsig11.de\/wordpress\/wp-json\/wp\/v2\/media?parent=54201"}],"wp:term":[{"taxonomy":"category","embeddable":true,"href":"https:\/\/www.borsig11.de\/wordpress\/wp-json\/wp\/v2\/categories?post=54201"},{"taxonomy":"post_tag","embeddable":true,"href":"https:\/\/www.borsig11.de\/wordpress\/wp-json\/wp\/v2\/tags?post=54201"}],"curies":[{"name":"wp","href":"https:\/\/api.w.org\/{rel}","templated":true}]}}