{"id":54647,"date":"2022-01-01T12:00:00","date_gmt":"2022-01-01T11:00:00","guid":{"rendered":"https:\/\/www.borsig11.de\/wordpress\/?p=54647"},"modified":"2022-03-24T09:52:28","modified_gmt":"2022-03-24T08:52:28","slug":"im-gespraech-mit-prof-dr-belinda-kazeem-kaminski-und-cate-lartey","status":"publish","type":"post","link":"https:\/\/www.borsig11.de\/wordpress\/2022\/01\/im-gespraech-mit-prof-dr-belinda-kazeem-kaminski-und-cate-lartey\/","title":{"rendered":"Im Gespr\u00e4ch mit\u2026 Dr. Belinda Kazeem-Kami\u0144ski und Cate Lartey"},"content":{"rendered":"\n<figure class=\"wp-block-image size-large\"><a href=\"https:\/\/www.borsig11.de\/wordpress\/wp-content\/uploads\/2022\/02\/imgespraechmit-1200.jpg\"><img loading=\"lazy\" decoding=\"async\" width=\"1024\" height=\"555\" src=\"https:\/\/www.borsig11.de\/wordpress\/wp-content\/uploads\/2022\/02\/imgespraechmit-1200-1024x555.jpg\" alt=\"\" class=\"wp-image-54650\" srcset=\"https:\/\/www.borsig11.de\/wordpress\/wp-content\/uploads\/2022\/02\/imgespraechmit-1200-1024x555.jpg 1024w, https:\/\/www.borsig11.de\/wordpress\/wp-content\/uploads\/2022\/02\/imgespraechmit-1200-300x163.jpg 300w, https:\/\/www.borsig11.de\/wordpress\/wp-content\/uploads\/2022\/02\/imgespraechmit-1200-768x416.jpg 768w, https:\/\/www.borsig11.de\/wordpress\/wp-content\/uploads\/2022\/02\/imgespraechmit-1200-800x433.jpg 800w, https:\/\/www.borsig11.de\/wordpress\/wp-content\/uploads\/2022\/02\/imgespraechmit-1200.jpg 1200w\" sizes=\"auto, (max-width: 1024px) 100vw, 1024px\" \/><\/a><\/figure>\n\n\n\n<p><strong>Sa, 19. M\u00e4rz 2022, 15 Uhr <\/strong><br>Kleine B\u00fchne 103, Oesterholzstra\u00dfe 103, 44145 Dortmund <\/p>\n\n\n\n<p class=\"has-very-light-gray-color has-vivid-red-background-color has-text-color has-background\"><strong>+++ Aufgrund der Einschr\u00e4nkungen des \u00f6ffentlichen Lebens bitten wir um Verst\u00e4ndnis, dass die Veranstaltung nur unter 3G-Regeln stattfinden kann. Eine Anmeldung ist erforderlich! +++<\/strong><\/p>\n\n\n\n<p>Ein Denken \u00fcber Zukunft ist nur m\u00f6glich, wenn ein Ankommen in der Gegenwart erm\u00f6glicht ist. Die Gespr\u00e4chsreihe <em>Im Gespr\u00e4ch mit&#8230;<\/em> des Schauspiel Dortmund fragt, welche Geschichten f\u00fcr die Erz\u00e4hlung einer Gegenwart unsichtbar sind. Aus der Perspektive, dass es ohne Geschichtsbewusstsein keine Zukunft gibt, l\u00e4dt Stadtdramaturgin Megha Kono-Patel zum Zuh\u00f6ren ein, um lokale Geschichten in ein Gespr\u00e4ch mit Aktivist:innen, Autor:innen, K\u00fcnstler:innen und Wissenschaftler:innen zu bringen.   <\/p>\n\n\n\n<p><strong>Am Samstag, den 19. M\u00e4rz 2022 sprechen Dr. Belinda Kazeem-Kami\u0144ski und Cate Lartey auf der Kleinen B\u00fchne 103 \u00fcber &#8222;White Gaze&#8220;.<\/strong><\/p>\n\n\n\n<p><strong>Es gelten die 3G-Regeln. <\/strong>(bitte Impf- \/ Genesungsnachweis oder negativen Test mitbringen)<\/p>\n\n\n\n<p><strong>Anmeldung: <a href=\"mailto:stadtdrama@theaterdo.de\">stadtdrama@theaterdo.de<\/a><\/strong><\/p>\n\n\n\n<p>   <\/p>\n\n\n\n<div class=\"wp-block-media-text alignwide is-stacked-on-mobile\"><figure class=\"wp-block-media-text__media\"><img loading=\"lazy\" decoding=\"async\" width=\"800\" height=\"1023\" src=\"https:\/\/www.borsig11.de\/wordpress\/wp-content\/uploads\/2022\/02\/Belinda-Kazeem-Kamin\u0301ski-800b.jpg\" alt=\"\" class=\"wp-image-54654 size-full\" srcset=\"https:\/\/www.borsig11.de\/wordpress\/wp-content\/uploads\/2022\/02\/Belinda-Kazeem-Kamin\u0301ski-800b.jpg 800w, https:\/\/www.borsig11.de\/wordpress\/wp-content\/uploads\/2022\/02\/Belinda-Kazeem-Kamin\u0301ski-800b-235x300.jpg 235w, https:\/\/www.borsig11.de\/wordpress\/wp-content\/uploads\/2022\/02\/Belinda-Kazeem-Kamin\u0301ski-800b-768x982.jpg 768w\" sizes=\"auto, (max-width: 800px) 100vw, 800px\" \/><\/figure><div class=\"wp-block-media-text__content\">\n<p class=\"has-large-font-size\">Dr. Belinda Kazeem-Kami\u0144ski<\/p>\n\n\n\n<p class=\"has-text-align-left\">Belinda Kazeem-Kami\u0144ski ist Autorin, K\u00fcnstlerin und Wissenschaftlerin. Verwurzelt in Schwarzer feministischer Theorie, arbeitet sie mit einer recherchebasierten und prozessorientierten investigativen Praxis, welche sich mit Archiven \u2013 im Speziellen den L\u00fccken in \u00f6ffentlichen Sammlungen und Archiven \u2013 auseinandersetzt. Mit der Verbindung von Dokumentarischem und Fiktionalem legt sie dabei die Gegenw\u00e4rtigkeit einer andauernden kolonialen Vergangenheit frei. Foto \u00a9 Abiona Esther Ojo<\/p>\n<\/div><\/div>\n\n\n\n<div class=\"wp-block-media-text alignwide is-stacked-on-mobile\"><figure class=\"wp-block-media-text__media\"><img loading=\"lazy\" decoding=\"async\" width=\"800\" height=\"1023\" src=\"https:\/\/www.borsig11.de\/wordpress\/wp-content\/uploads\/2022\/02\/cate-lartey-800b.jpg\" alt=\"\" class=\"wp-image-54655 size-full\" srcset=\"https:\/\/www.borsig11.de\/wordpress\/wp-content\/uploads\/2022\/02\/cate-lartey-800b.jpg 800w, https:\/\/www.borsig11.de\/wordpress\/wp-content\/uploads\/2022\/02\/cate-lartey-800b-235x300.jpg 235w, https:\/\/www.borsig11.de\/wordpress\/wp-content\/uploads\/2022\/02\/cate-lartey-800b-768x982.jpg 768w\" sizes=\"auto, (max-width: 800px) 100vw, 800px\" \/><\/figure><div class=\"wp-block-media-text__content\">\n<p class=\"has-large-font-size\">Cate Lartey<\/p>\n\n\n\n<p class=\"has-text-align-left\">Cate Lartey ist K\u00fcnstlerin und Kuratorin aus D\u00fcsseldorf. In ihrer k\u00fcnstlerischen Praxis besch\u00e4ftigt sie sich mit kritischer Theorie, visueller und materieller Kultur, welche sie mittels Fotografie und Film untersucht.&nbsp;<\/p>\n<\/div><\/div>\n\n\n\n<p>&#8212;<\/p>\n\n\n\n<p>Unter der Intendanz von Julia Wissert ist am Schauspiel Dortmund ein neues Berufsfeld in der deutschsprachigen Theaterlandschaft entstanden \u2013 die Stadtdramaturgie. Die Stadtdramaturgin Megha Kono-Patel hat diese konzipiert, durch teilnehmende Beobachtung am Schauspiel, aufsuchende Arbeit im Stadtraum und der Erstellung eines theoriebasierten Konzepts.<\/p>\n\n\n\n<p>Dabei sollen Denker:innen, Aktivist:innen, K\u00fcnstler:innen und Autor:innen, deren Wissen in die Konzeption geflossen ist nicht unsichtbar bleiben. Diese Akteur*innen sind nicht nur im Feld ihrer Profession gro\u00dfe Namen, sondern verbinden ihre professionelle Praxis mit pers\u00f6nlichen Anliegen, die sich historisch, politisch und ideologiekritisch lesen lassen.<\/p>\n\n\n\n<p>Deshalb l\u00e4dt das Schauspiel Dortmund sie ein, und bringt sie in ein Gespr\u00e4ch mit Akteuri:nnen mit \u00e4hnlichem Arbeitsansatz und \/ oder Denkansatz aus dem Ruhrgebiet. Dabei entsteht ein wertsch\u00e4tzendes Gespr\u00e4ch, das sich mit \u00fcbergeordneten Themen aus einem mitgebrachten Text besch\u00e4ftigen. Der Text wird zum Auftakt des Abends von Ensemblemitglieder:innen des Schauspiel Dortmund f\u00fcr das Publikum gelesen.<\/p>\n\n\n\n<p>Weitere Informationen: <a href=\"https:\/\/www.theaterdo.de\/produktionen\/detail\/im-gespraech-mit\/\" target=\"_blank\" rel=\"noreferrer noopener\">www.theaterdo.de<\/a><\/p>\n","protected":false},"excerpt":{"rendered":"<p>Sa, 19. M\u00e4rz 2022, 15 Uhr Kleine B\u00fchne 103, Oesterholzstra\u00dfe 103, 44145 Dortmund +++ Aufgrund der Einschr\u00e4nkungen des \u00f6ffentlichen Lebens bitten wir um Verst\u00e4ndnis, dass die Veranstaltung nur unter 3G-Regeln stattfinden kann. Eine Anmeldung ist erforderlich! +++ Ein Denken \u00fcber Zukunft ist nur m\u00f6glich, wenn ein Ankommen in der Gegenwart erm\u00f6glicht ist. Die Gespr\u00e4chsreihe Im &hellip;<\/p>\n","protected":false},"author":10,"featured_media":54650,"comment_status":"closed","ping_status":"open","sticky":false,"template":"","format":"standard","meta":{"footnotes":""},"categories":[178,1,290,136,177],"tags":[],"class_list":["post-54647","post","type-post","status-publish","format-standard","has-post-thumbnail","","category-178","category-aktuell","category-marhaba-103","category-public-residence","category-veranstaltungen"],"_links":{"self":[{"href":"https:\/\/www.borsig11.de\/wordpress\/wp-json\/wp\/v2\/posts\/54647","targetHints":{"allow":["GET"]}}],"collection":[{"href":"https:\/\/www.borsig11.de\/wordpress\/wp-json\/wp\/v2\/posts"}],"about":[{"href":"https:\/\/www.borsig11.de\/wordpress\/wp-json\/wp\/v2\/types\/post"}],"author":[{"embeddable":true,"href":"https:\/\/www.borsig11.de\/wordpress\/wp-json\/wp\/v2\/users\/10"}],"replies":[{"embeddable":true,"href":"https:\/\/www.borsig11.de\/wordpress\/wp-json\/wp\/v2\/comments?post=54647"}],"version-history":[{"count":8,"href":"https:\/\/www.borsig11.de\/wordpress\/wp-json\/wp\/v2\/posts\/54647\/revisions"}],"predecessor-version":[{"id":54689,"href":"https:\/\/www.borsig11.de\/wordpress\/wp-json\/wp\/v2\/posts\/54647\/revisions\/54689"}],"wp:featuredmedia":[{"embeddable":true,"href":"https:\/\/www.borsig11.de\/wordpress\/wp-json\/wp\/v2\/media\/54650"}],"wp:attachment":[{"href":"https:\/\/www.borsig11.de\/wordpress\/wp-json\/wp\/v2\/media?parent=54647"}],"wp:term":[{"taxonomy":"category","embeddable":true,"href":"https:\/\/www.borsig11.de\/wordpress\/wp-json\/wp\/v2\/categories?post=54647"},{"taxonomy":"post_tag","embeddable":true,"href":"https:\/\/www.borsig11.de\/wordpress\/wp-json\/wp\/v2\/tags?post=54647"}],"curies":[{"name":"wp","href":"https:\/\/api.w.org\/{rel}","templated":true}]}}