{"id":55392,"date":"2022-06-01T09:02:00","date_gmt":"2022-06-01T07:02:00","guid":{"rendered":"https:\/\/www.borsig11.de\/wordpress\/?p=55392"},"modified":"2022-09-30T12:31:25","modified_gmt":"2022-09-30T10:31:25","slug":"vollmond-talk-globalkultur","status":"publish","type":"post","link":"https:\/\/www.borsig11.de\/wordpress\/2022\/06\/vollmond-talk-globalkultur\/","title":{"rendered":"Vollmond Talk: Globalkultur"},"content":{"rendered":"\n<figure class=\"wp-block-embed is-type-video is-provider-youtube wp-block-embed-youtube wp-embed-aspect-16-9 wp-has-aspect-ratio\"><div class=\"wp-block-embed__wrapper\">\n<iframe loading=\"lazy\" title=\"Vollmond Talk: Globalkultur\" width=\"618\" height=\"348\" src=\"https:\/\/www.youtube.com\/embed\/5tTE9RdahzA?feature=oembed\" frameborder=\"0\" allow=\"accelerometer; autoplay; clipboard-write; encrypted-media; gyroscope; picture-in-picture; web-share\" referrerpolicy=\"strict-origin-when-cross-origin\" allowfullscreen><\/iframe>\n<\/div><\/figure>\n\n\n\n<p><strong>Fr, 12. August 2022, 19 Uhr <\/strong><br>Kleine B\u00fchne 103, Oesterholzstra\u00dfe 103, 44145 Dortmund <\/p>\n\n\n\n<p>Seit Mai 2022 gibt es regelm\u00e4\u00dfig vollmondlich einen neuen Talk im Chancen-Caf\u00e9 103, eine Lese-, Gespr\u00e4chs- und Musikrunde mit Uri B\u00fclb\u00fcl und G\u00e4sten. Der Essener Philosoph und Literat wird vom Gast zum Gastgeber, liest, spricht und moderiert zu Themen der Kultur, Politik und Weisheit: \u201eIhn anheulen wie ein einsamer Wolf ist eine M\u00f6glichkeit \u2013 wir suchen nach weiteren M\u00f6glichkeiten, um unseren einzigen Erdtrabanten zu w\u00fcrdigen.\u201c<\/p>\n\n\n\n<p>Uris bester Freund und Begleiter Diego Li ist wieder mit von der Partie. Im August-Vollmond geht es um \u201e<a href=\"https:\/\/globalkultur.org\/\">Globalkultur<\/a>\u201c, mit Funda \u00c7\u0131nar, die die Gesch\u00e4fte der gleichnamigen Gesellschaft f\u00fcr Kunst und Kulturelle Bildung f\u00fchrt. Globalkultur ist Name, Unternehmen, Abenteuer, Programm, wom\u00f6glich sogar eine Philosophie \u2013 letztendlich aber muss sie vor allem Praxis sein. Soll denn das Motto \u201eRomantik f\u00fcr alle\u201c sein, beginnt die Kulturrevolution unter dem Vollmond?<\/p>\n\n\n\n<p><strong>Livestream<strong>:<\/strong> &gt;&gt; <\/strong><a href=\"https:\/\/www.facebook.com\/watch\/ChancenRaum103\"><strong>https:\/\/www.facebook.com\/watch\/ChancenRaum103<\/strong><\/a><\/p>\n\n\n\n<p>&#8212;<\/p>\n\n\n\n<p>Die Vollmond-Lesung von <a href=\"https:\/\/uribuelbuel.de\/\" target=\"_blank\" rel=\"noreferrer noopener\">Uri B\u00fclb\u00fcl<\/a> ist Teil des Programms &#8222;Sawubona 103&#8220; von Julia Rumi \/ <a href=\"https:\/\/www.borsig11.de\/wordpress\/info\/\">Machbarschaft Borsig11 e.V.<\/a>, gef\u00f6rdert vom Ministerium f\u00fcr Kultur und Wissenschaft des Landes Nordrhein-Westfalen, von <a href=\"https:\/\/interkultur.ruhr\" rel=\"noreferrer noopener\" target=\"_blank\">Interkultur Ruhr<\/a> und vom Kulturb\u00fcro Dortmund, realisiert mit den&nbsp;<a rel=\"noreferrer noopener\" href=\"https:\/\/www.borsig11.de\/wordpress\/2014\/06\/100-000-chancen-fuer-den-borsigplatz\/\" target=\"_blank\">Chancen<\/a>&nbsp;der Bewohner*innen des Borsigplatz-Quartiers. <\/p>\n\n\n\n<p><\/p>\n\n\n\n<figure class=\"wp-block-image is-style-default\"><img decoding=\"async\" src=\"https:\/\/www.borsig11.de\/wordpress\/wp-content\/uploads\/2018\/10\/Interkultur_rvr_GEO_s_bis25mm-300x43.png\" alt=\"Dieses Bild hat ein leeres Alt-Attribut. Der Dateiname ist Interkultur_rvr_GEO_s_bis25mm-300x43.png\"\/><\/figure>\n\n\n\n<figure class=\"wp-block-image is-style-default\"><img decoding=\"async\" src=\"https:\/\/www.borsig11.de\/wordpress\/wp-content\/uploads\/2018\/11\/AK_Kultur-und-Wissenschaft_Schwarz_RGB_kl-300x62.png\" alt=\"Dieses Bild hat ein leeres Alt-Attribut. Der Dateiname ist AK_Kultur-und-Wissenschaft_Schwarz_RGB_kl-300x62.png\"\/><\/figure>\n\n\n\n<div class=\"wp-block-image is-style-default\"><figure class=\"alignleft is-resized\"><img loading=\"lazy\" decoding=\"async\" src=\"https:\/\/www.borsig11.de\/wordpress\/wp-content\/uploads\/2018\/10\/LogoKulturbu\u0308ro_sw-Wappen_gefu\u0308llt_web-1024x265.jpg\" alt=\"\" class=\"wp-image-52001\" width=\"294\" height=\"76\"\/><\/figure><\/div>\n\n\n\n<p><\/p>\n","protected":false},"excerpt":{"rendered":"<p>Fr, 12. August 2022, 19 Uhr Kleine B\u00fchne 103, Oesterholzstra\u00dfe 103, 44145 Dortmund Seit Mai 2022 gibt es regelm\u00e4\u00dfig vollmondlich einen neuen Talk im Chancen-Caf\u00e9 103, eine Lese-, Gespr\u00e4chs- und Musikrunde mit Uri B\u00fclb\u00fcl und G\u00e4sten. Der Essener Philosoph und Literat wird vom Gast zum Gastgeber, liest, spricht und moderiert zu Themen der Kultur, Politik &hellip;<\/p>\n","protected":false},"author":10,"featured_media":55111,"comment_status":"closed","ping_status":"open","sticky":false,"template":"","format":"standard","meta":{"footnotes":""},"categories":[178,1,290,136,177],"tags":[],"class_list":["post-55392","post","type-post","status-publish","format-standard","has-post-thumbnail","","category-178","category-aktuell","category-marhaba-103","category-public-residence","category-veranstaltungen"],"_links":{"self":[{"href":"https:\/\/www.borsig11.de\/wordpress\/wp-json\/wp\/v2\/posts\/55392","targetHints":{"allow":["GET"]}}],"collection":[{"href":"https:\/\/www.borsig11.de\/wordpress\/wp-json\/wp\/v2\/posts"}],"about":[{"href":"https:\/\/www.borsig11.de\/wordpress\/wp-json\/wp\/v2\/types\/post"}],"author":[{"embeddable":true,"href":"https:\/\/www.borsig11.de\/wordpress\/wp-json\/wp\/v2\/users\/10"}],"replies":[{"embeddable":true,"href":"https:\/\/www.borsig11.de\/wordpress\/wp-json\/wp\/v2\/comments?post=55392"}],"version-history":[{"count":4,"href":"https:\/\/www.borsig11.de\/wordpress\/wp-json\/wp\/v2\/posts\/55392\/revisions"}],"predecessor-version":[{"id":55602,"href":"https:\/\/www.borsig11.de\/wordpress\/wp-json\/wp\/v2\/posts\/55392\/revisions\/55602"}],"wp:featuredmedia":[{"embeddable":true,"href":"https:\/\/www.borsig11.de\/wordpress\/wp-json\/wp\/v2\/media\/55111"}],"wp:attachment":[{"href":"https:\/\/www.borsig11.de\/wordpress\/wp-json\/wp\/v2\/media?parent=55392"}],"wp:term":[{"taxonomy":"category","embeddable":true,"href":"https:\/\/www.borsig11.de\/wordpress\/wp-json\/wp\/v2\/categories?post=55392"},{"taxonomy":"post_tag","embeddable":true,"href":"https:\/\/www.borsig11.de\/wordpress\/wp-json\/wp\/v2\/tags?post=55392"}],"curies":[{"name":"wp","href":"https:\/\/api.w.org\/{rel}","templated":true}]}}