{"id":55703,"date":"2022-09-02T00:17:00","date_gmt":"2022-09-01T22:17:00","guid":{"rendered":"https:\/\/www.borsig11.de\/wordpress\/?p=55703"},"modified":"2022-11-18T09:00:14","modified_gmt":"2022-11-18T08:00:14","slug":"philosophie-cafe-103","status":"publish","type":"post","link":"https:\/\/www.borsig11.de\/wordpress\/2022\/09\/philosophie-cafe-103\/","title":{"rendered":"Philosophie-Caf\u00e9 103"},"content":{"rendered":"\n<figure class=\"wp-block-image size-large is-style-default\"><a href=\"https:\/\/www.borsig11.de\/wordpress\/wp-content\/uploads\/2022\/11\/PHOTO-2022-11-02-23_1200.jpg\"><img loading=\"lazy\" decoding=\"async\" width=\"1024\" height=\"555\" src=\"https:\/\/www.borsig11.de\/wordpress\/wp-content\/uploads\/2022\/11\/PHOTO-2022-11-02-23_1200-1024x555.jpg\" alt=\"\" class=\"wp-image-55704\" srcset=\"https:\/\/www.borsig11.de\/wordpress\/wp-content\/uploads\/2022\/11\/PHOTO-2022-11-02-23_1200-1024x555.jpg 1024w, https:\/\/www.borsig11.de\/wordpress\/wp-content\/uploads\/2022\/11\/PHOTO-2022-11-02-23_1200-300x163.jpg 300w, https:\/\/www.borsig11.de\/wordpress\/wp-content\/uploads\/2022\/11\/PHOTO-2022-11-02-23_1200-768x416.jpg 768w, https:\/\/www.borsig11.de\/wordpress\/wp-content\/uploads\/2022\/11\/PHOTO-2022-11-02-23_1200-800x433.jpg 800w, https:\/\/www.borsig11.de\/wordpress\/wp-content\/uploads\/2022\/11\/PHOTO-2022-11-02-23_1200.jpg 1200w\" sizes=\"auto, (max-width: 1024px) 100vw, 1024px\" \/><\/a><\/figure>\n\n\n\n<p><strong>Do, 17. November 2022, 16 Uhr<\/strong><br>B\u00fcro 103, Oesterholzstra\u00dfe 103, 44145 Dortmund <\/p>\n\n\n\n<p>Am 17<meta http-equiv=\"content-type\" content=\"text\/html; charset=utf-8\">.  November ist Welttag der Philosophie \u2013 eine gute Gelegenheit, die Aufmerksamkeit auf philosophische Aspekte des Alltags zu richten. Sandra Oestmann l\u00e4dt zu Kaffee, Kuchen und Gespr\u00e4chen ein, ins Philosophie-Caf\u00e9 103.<\/p>\n\n\n\n<p>Die Teilnahme ist kostenlos.<\/p>\n\n\n\n<p>&#8212;<\/p>\n\n\n\n<p>Das Philosophie-Caf\u00e9 103 ist ein Projekt von Sandra Oestmann im Rahmen des Programms &#8222;Sawubona 103&#8220; von Julia Rumi \/ <a href=\"https:\/\/www.borsig11.de\/wordpress\/info\/\">Machbarschaft Borsig11 e.V.<\/a>, gef\u00f6rdert vom Ministerium f\u00fcr Kultur und Wissenschaft des Landes NRW, von <a rel=\"noreferrer noopener\" href=\"https:\/\/interkultur.ruhr\" target=\"_blank\">Interkultur Ruhr<\/a> und vom Kulturb\u00fcro Dortmund, realisiert mit den Chancen der Bewohner*innen des Borsigplatz-Quartiers.<\/p>\n\n\n\n<p>&#8212;<\/p>\n\n\n\n<figure class=\"wp-block-image is-style-default\"><a href=\"https:\/\/www.interkultur.ruhr\/kalender\/aloha-103\"><img loading=\"lazy\" decoding=\"async\" width=\"300\" height=\"58\" src=\"https:\/\/www.borsig11.de\/wordpress\/wp-content\/uploads\/2018\/10\/Interkultur_rvr_FAR_s_bis25mm-300x58.png\" alt=\"\" class=\"wp-image-51966\" srcset=\"https:\/\/www.borsig11.de\/wordpress\/wp-content\/uploads\/2018\/10\/Interkultur_rvr_FAR_s_bis25mm-300x58.png 300w, https:\/\/www.borsig11.de\/wordpress\/wp-content\/uploads\/2018\/10\/Interkultur_rvr_FAR_s_bis25mm-768x148.png 768w, https:\/\/www.borsig11.de\/wordpress\/wp-content\/uploads\/2018\/10\/Interkultur_rvr_FAR_s_bis25mm-1024x197.png 1024w, https:\/\/www.borsig11.de\/wordpress\/wp-content\/uploads\/2018\/10\/Interkultur_rvr_FAR_s_bis25mm-600x115.png 600w, https:\/\/www.borsig11.de\/wordpress\/wp-content\/uploads\/2018\/10\/Interkultur_rvr_FAR_s_bis25mm.png 1618w\" sizes=\"auto, (max-width: 300px) 100vw, 300px\" \/><\/a><\/figure>\n\n\n\n<figure class=\"wp-block-image is-style-default\"><a href=\"https:\/\/www.borsig11.de\/wordpress\/wp-content\/uploads\/2018\/11\/AK_Kultur-und-Wissenschaft_Schwarz_RGB_kl.png\"><img loading=\"lazy\" decoding=\"async\" width=\"300\" height=\"62\" src=\"https:\/\/www.borsig11.de\/wordpress\/wp-content\/uploads\/2018\/11\/AK_Kultur-und-Wissenschaft_Schwarz_RGB_kl-300x62.png\" alt=\"\" class=\"wp-image-52098\" srcset=\"https:\/\/www.borsig11.de\/wordpress\/wp-content\/uploads\/2018\/11\/AK_Kultur-und-Wissenschaft_Schwarz_RGB_kl-300x62.png 300w, https:\/\/www.borsig11.de\/wordpress\/wp-content\/uploads\/2018\/11\/AK_Kultur-und-Wissenschaft_Schwarz_RGB_kl-768x157.png 768w, https:\/\/www.borsig11.de\/wordpress\/wp-content\/uploads\/2018\/11\/AK_Kultur-und-Wissenschaft_Schwarz_RGB_kl-1024x210.png 1024w, https:\/\/www.borsig11.de\/wordpress\/wp-content\/uploads\/2018\/11\/AK_Kultur-und-Wissenschaft_Schwarz_RGB_kl-600x123.png 600w, https:\/\/www.borsig11.de\/wordpress\/wp-content\/uploads\/2018\/11\/AK_Kultur-und-Wissenschaft_Schwarz_RGB_kl.png 1200w\" sizes=\"auto, (max-width: 300px) 100vw, 300px\" \/><\/a><\/figure>\n\n\n\n<div class=\"wp-block-image is-style-default\"><figure class=\"alignleft is-resized\"><img loading=\"lazy\" decoding=\"async\" src=\"https:\/\/www.borsig11.de\/wordpress\/wp-content\/uploads\/2018\/10\/LogoKulturbu\u0308ro_sw-Wappen_gefu\u0308llt_web-1024x265.jpg\" alt=\"\" class=\"wp-image-52001\" width=\"294\" height=\"76\"\/><\/figure><\/div>\n","protected":false},"excerpt":{"rendered":"<p>Do, 17. November 2022, 16 UhrB\u00fcro 103, Oesterholzstra\u00dfe 103, 44145 Dortmund Am 17. November ist Welttag der Philosophie \u2013 eine gute Gelegenheit, die Aufmerksamkeit auf philosophische Aspekte des Alltags zu richten. Sandra Oestmann l\u00e4dt zu Kaffee, Kuchen und Gespr\u00e4chen ein, ins Philosophie-Caf\u00e9 103. Die Teilnahme ist kostenlos. &#8212; Das Philosophie-Caf\u00e9 103 ist ein Projekt von &hellip;<\/p>\n","protected":false},"author":10,"featured_media":55704,"comment_status":"closed","ping_status":"open","sticky":false,"template":"","format":"standard","meta":{"footnotes":""},"categories":[178,1,290,136,175],"tags":[],"class_list":["post-55703","post","type-post","status-publish","format-standard","has-post-thumbnail","","category-178","category-aktuell","category-marhaba-103","category-public-residence","category-workshops"],"_links":{"self":[{"href":"https:\/\/www.borsig11.de\/wordpress\/wp-json\/wp\/v2\/posts\/55703","targetHints":{"allow":["GET"]}}],"collection":[{"href":"https:\/\/www.borsig11.de\/wordpress\/wp-json\/wp\/v2\/posts"}],"about":[{"href":"https:\/\/www.borsig11.de\/wordpress\/wp-json\/wp\/v2\/types\/post"}],"author":[{"embeddable":true,"href":"https:\/\/www.borsig11.de\/wordpress\/wp-json\/wp\/v2\/users\/10"}],"replies":[{"embeddable":true,"href":"https:\/\/www.borsig11.de\/wordpress\/wp-json\/wp\/v2\/comments?post=55703"}],"version-history":[{"count":1,"href":"https:\/\/www.borsig11.de\/wordpress\/wp-json\/wp\/v2\/posts\/55703\/revisions"}],"predecessor-version":[{"id":55705,"href":"https:\/\/www.borsig11.de\/wordpress\/wp-json\/wp\/v2\/posts\/55703\/revisions\/55705"}],"wp:featuredmedia":[{"embeddable":true,"href":"https:\/\/www.borsig11.de\/wordpress\/wp-json\/wp\/v2\/media\/55704"}],"wp:attachment":[{"href":"https:\/\/www.borsig11.de\/wordpress\/wp-json\/wp\/v2\/media?parent=55703"}],"wp:term":[{"taxonomy":"category","embeddable":true,"href":"https:\/\/www.borsig11.de\/wordpress\/wp-json\/wp\/v2\/categories?post=55703"},{"taxonomy":"post_tag","embeddable":true,"href":"https:\/\/www.borsig11.de\/wordpress\/wp-json\/wp\/v2\/tags?post=55703"}],"curies":[{"name":"wp","href":"https:\/\/api.w.org\/{rel}","templated":true}]}}