{"id":6412,"date":"2016-09-08T13:57:25","date_gmt":"2016-09-08T11:57:25","guid":{"rendered":"http:\/\/www.borsig11.de\/wordpress\/?p=6412"},"modified":"2016-10-30T22:25:15","modified_gmt":"2016-10-30T21:25:15","slug":"fahrradwerkstatt-12","status":"publish","type":"post","link":"https:\/\/www.borsig11.de\/wordpress\/2016\/09\/fahrradwerkstatt-12\/","title":{"rendered":"Fahrradwerkstatt"},"content":{"rendered":"<figure id=\"attachment_5088\" aria-describedby=\"caption-attachment-5088\" style=\"width: 1200px\" class=\"wp-caption alignnone\"><img loading=\"lazy\" decoding=\"async\" class=\"wp-image-5088 size-full\" src=\"https:\/\/www.borsig11.de\/wordpress\/wp-content\/uploads\/2015\/07\/borsig11_fahrradwerkstatt_3981w.jpg\" alt=\"Fahrradwerkstatt\" width=\"1200\" height=\"800\" srcset=\"https:\/\/www.borsig11.de\/wordpress\/wp-content\/uploads\/2015\/07\/borsig11_fahrradwerkstatt_3981w.jpg 1200w, https:\/\/www.borsig11.de\/wordpress\/wp-content\/uploads\/2015\/07\/borsig11_fahrradwerkstatt_3981w-300x200.jpg 300w, https:\/\/www.borsig11.de\/wordpress\/wp-content\/uploads\/2015\/07\/borsig11_fahrradwerkstatt_3981w-1024x683.jpg 1024w\" sizes=\"auto, (max-width: 1200px) 100vw, 1200px\" \/><figcaption id=\"caption-attachment-5088\" class=\"wp-caption-text\">Fahrradwerkstatt. Foto: Guido Meincke\/Borsig11<\/figcaption><\/figure>\n<p><strong>Do., 08. September 2016, 15 Uhr<\/strong><br \/>\nGarage 103, Oesterholzstra\u00dfe 103<\/p>\n<p>Fahrr\u00e4der brauchen Wartung. Die mobile Werkstatt hat alles was dazu n\u00f6tig ist.<br \/>\nOffener Workshop mit Ingo Kramer,<strong> jeden Donnerstag, 15 Uhr in der 103<\/strong>.<\/p>\n<p>&#8212;<\/p>\n<p>Die <a href=\"https:\/\/www.borsig11.de\/wordpress\/2016\/03\/fahrradwerkstatt-7\/\">Fahrradwerkstatt<\/a> ist ein Projekt von Ingo Kramer \/ <a href=\"https:\/\/www.borsig11.de\/wordpress\/info\/\">Machbarschaft Borsig11<\/a>, realisiert mit den <a href=\"https:\/\/www.borsig11.de\/wordpress\/2014\/06\/100-000-chancen-fuer-den-borsigplatz\/\">Chancen<\/a> der Bewohner des Borsigplatz-Quartiers.<\/p>\n","protected":false},"excerpt":{"rendered":"<p>Do., 08. September 2016, 15 Uhr Garage 103, Oesterholzstra\u00dfe 103 Fahrr\u00e4der brauchen Wartung. Die mobile Werkstatt hat alles was dazu n\u00f6tig ist. Offener Workshop mit Ingo Kramer, jeden Donnerstag, 15 Uhr in der 103. &#8212; Die Fahrradwerkstatt ist ein Projekt von Ingo Kramer \/ Machbarschaft Borsig11, realisiert mit den Chancen der Bewohner des Borsigplatz-Quartiers.<\/p>\n","protected":false},"author":10,"featured_media":5088,"comment_status":"open","ping_status":"open","sticky":false,"template":"","format":"standard","meta":{"footnotes":""},"categories":[178,1,136,175],"tags":[],"class_list":["post-6412","post","type-post","status-publish","format-standard","has-post-thumbnail","","category-178","category-aktuell","category-public-residence","category-workshops"],"_links":{"self":[{"href":"https:\/\/www.borsig11.de\/wordpress\/wp-json\/wp\/v2\/posts\/6412","targetHints":{"allow":["GET"]}}],"collection":[{"href":"https:\/\/www.borsig11.de\/wordpress\/wp-json\/wp\/v2\/posts"}],"about":[{"href":"https:\/\/www.borsig11.de\/wordpress\/wp-json\/wp\/v2\/types\/post"}],"author":[{"embeddable":true,"href":"https:\/\/www.borsig11.de\/wordpress\/wp-json\/wp\/v2\/users\/10"}],"replies":[{"embeddable":true,"href":"https:\/\/www.borsig11.de\/wordpress\/wp-json\/wp\/v2\/comments?post=6412"}],"version-history":[{"count":0,"href":"https:\/\/www.borsig11.de\/wordpress\/wp-json\/wp\/v2\/posts\/6412\/revisions"}],"wp:featuredmedia":[{"embeddable":true,"href":"https:\/\/www.borsig11.de\/wordpress\/wp-json\/wp\/v2\/media\/5088"}],"wp:attachment":[{"href":"https:\/\/www.borsig11.de\/wordpress\/wp-json\/wp\/v2\/media?parent=6412"}],"wp:term":[{"taxonomy":"category","embeddable":true,"href":"https:\/\/www.borsig11.de\/wordpress\/wp-json\/wp\/v2\/categories?post=6412"},{"taxonomy":"post_tag","embeddable":true,"href":"https:\/\/www.borsig11.de\/wordpress\/wp-json\/wp\/v2\/tags?post=6412"}],"curies":[{"name":"wp","href":"https:\/\/api.w.org\/{rel}","templated":true}]}}