{"id":7316,"date":"2017-02-03T01:00:59","date_gmt":"2017-02-03T00:00:59","guid":{"rendered":"http:\/\/www.borsig11.de\/wordpress\/?p=7316"},"modified":"2017-03-02T09:01:58","modified_gmt":"2017-03-02T08:01:58","slug":"was-macht-die-kunst","status":"publish","type":"post","link":"https:\/\/www.borsig11.de\/wordpress\/2017\/02\/was-macht-die-kunst\/","title":{"rendered":"Was macht die Kunst?"},"content":{"rendered":"<figure id=\"attachment_7996\" aria-describedby=\"caption-attachment-7996\" style=\"width: 1200px\" class=\"wp-caption alignnone\"><img loading=\"lazy\" decoding=\"async\" class=\"wp-image-7996 size-full\" src=\"https:\/\/www.borsig11.de\/wordpress\/wp-content\/uploads\/2017\/02\/170213_Borsig11-FotoSabithaSaul_6562w1.jpg\" width=\"1200\" height=\"800\" srcset=\"https:\/\/www.borsig11.de\/wordpress\/wp-content\/uploads\/2017\/02\/170213_Borsig11-FotoSabithaSaul_6562w1.jpg 1200w, https:\/\/www.borsig11.de\/wordpress\/wp-content\/uploads\/2017\/02\/170213_Borsig11-FotoSabithaSaul_6562w1-300x200.jpg 300w, https:\/\/www.borsig11.de\/wordpress\/wp-content\/uploads\/2017\/02\/170213_Borsig11-FotoSabithaSaul_6562w1-768x512.jpg 768w, https:\/\/www.borsig11.de\/wordpress\/wp-content\/uploads\/2017\/02\/170213_Borsig11-FotoSabithaSaul_6562w1-1024x683.jpg 1024w\" sizes=\"auto, (max-width: 1200px) 100vw, 1200px\" \/><figcaption id=\"caption-attachment-7996\" class=\"wp-caption-text\">NRW Wirtschaftsminister Garrelt Duin mit Prof. Dieter Gorny, Gesch\u00e4ftsf\u00fchrer ecce, Volker Pohl\u00fcke, Vorstand Machbarschaft Borsig11 e.V. und Stefan Schreiber, Hauptgesch\u00e4ftsf\u00fchrer der IHK zu Dortmund am Dortmunder Borsigplatz. Foto: Borsig11\/Sabitha Saul<\/figcaption><\/figure>\n<p><img loading=\"lazy\" decoding=\"async\" class=\"alignnone size-full wp-image-7997\" src=\"https:\/\/www.borsig11.de\/wordpress\/wp-content\/uploads\/2017\/02\/was-macht-die-kunst-schriftzug_web.jpg\" alt=\"\" width=\"1200\" height=\"215\" srcset=\"https:\/\/www.borsig11.de\/wordpress\/wp-content\/uploads\/2017\/02\/was-macht-die-kunst-schriftzug_web.jpg 1200w, https:\/\/www.borsig11.de\/wordpress\/wp-content\/uploads\/2017\/02\/was-macht-die-kunst-schriftzug_web-300x54.jpg 300w, https:\/\/www.borsig11.de\/wordpress\/wp-content\/uploads\/2017\/02\/was-macht-die-kunst-schriftzug_web-768x138.jpg 768w, https:\/\/www.borsig11.de\/wordpress\/wp-content\/uploads\/2017\/02\/was-macht-die-kunst-schriftzug_web-1024x183.jpg 1024w\" sizes=\"auto, (max-width: 1200px) 100vw, 1200px\" \/><\/p>\n<p><strong>Mo., 13. Februar 2017, 16 Uhr<\/strong><br \/>\n<strong>B\u00fcro Borsig11, Borsigplatz 9<\/strong><\/p>\n<p><strong>NRW-Wirtschaftsminister Garrelt Duin zu Besuch am Dortmunder Borsigplatz \/ Diskussionsrunde bei Machbarschaft Borsig11 zum Thema \u201eWas macht die Kunst? Bedingungen und Wirkungen sozialer Kreativit\u00e4t\u201c<\/strong><\/p>\n<p>Die Dortmunder Nordstadt ist kreativ. Nicht nur, weil hier viele K\u00fcnstler leben und arbeiten, sondern weil das multikulturelle Viertel &#8222;soziale Innovationen&#8220; hervorbringt.\u00a0Zum Beispiel die Kreativ-W\u00e4hrung \u201e<a href=\"https:\/\/www.borsig11.de\/wordpress\/2014\/06\/100-000-chancen-fuer-den-borsigplatz\/\">Chancen<\/a>\u201c, die seit 2014 im Borsigplatz-Quartier kursiert. Nachdem Machbarschaft Borsig11 e.V. im August 2016 daf\u00fcr der <a href=\"https:\/\/www.borsig11.de\/wordpress\/2016\/09\/borsig11-erhaelt-preis-fuer-soziale-innovation\/\">N.I.C.E. Award<\/a> f\u00fcr soziale Innovation verliehen worden war, kam am 13.02.2017 NRW Wirtschaftsminister Garrelt Duin zu Besuch, um sich einen Eindruck der Aktivit\u00e4ten vor Ort zu verschaffen und mit Akteuren aus dem Quartier und Vertretern aus Kultur, Politik, Wirtschaft und Wissenschaft \u00fcber &#8222;soziale Kreativit\u00e4t&#8220; zu sprechen.<\/p>\n<p>\u201eWas macht die Kunst?\u201c \u2013 mit dieser Frage wurden die G\u00e4ste am Eingang von den Reportern der <a href=\"https:\/\/www.borsig11.de\/wordpress\/youngsters\/\">Youngsters-Akademie<\/a> empfangen. Was brauchen wir f\u00fcr ein gelingendes Zusammenleben, und was kann ich selber beitragen zu einer kreativen Gesellschaft? Jeder, der der Einladung von Borsig11 gefolgt war, hatte etwas f\u00fcr die \u201e<a href=\"https:\/\/www.borsig11.de\/wordpress\/2015\/10\/givebox-in-der-103\/\">Givebox<\/a>\u201c mitgebracht.<\/p>\n<p>&nbsp;<\/p>\n<figure id=\"attachment_7998\" aria-describedby=\"caption-attachment-7998\" style=\"width: 1200px\" class=\"wp-caption alignnone\"><img loading=\"lazy\" decoding=\"async\" class=\"size-full wp-image-7998\" src=\"https:\/\/www.borsig11.de\/wordpress\/wp-content\/uploads\/2017\/02\/4_14_Borsig11-FotoSabithaSaul_6576w1.jpg\" alt=\"\" width=\"1200\" height=\"800\" srcset=\"https:\/\/www.borsig11.de\/wordpress\/wp-content\/uploads\/2017\/02\/4_14_Borsig11-FotoSabithaSaul_6576w1.jpg 1200w, https:\/\/www.borsig11.de\/wordpress\/wp-content\/uploads\/2017\/02\/4_14_Borsig11-FotoSabithaSaul_6576w1-300x200.jpg 300w, https:\/\/www.borsig11.de\/wordpress\/wp-content\/uploads\/2017\/02\/4_14_Borsig11-FotoSabithaSaul_6576w1-768x512.jpg 768w, https:\/\/www.borsig11.de\/wordpress\/wp-content\/uploads\/2017\/02\/4_14_Borsig11-FotoSabithaSaul_6576w1-1024x683.jpg 1024w\" sizes=\"auto, (max-width: 1200px) 100vw, 1200px\" \/><figcaption id=\"caption-attachment-7998\" class=\"wp-caption-text\">NRW Wirtschaftsminister Garrelt Duin und Oberb\u00fcrgermeister Ullrich Sierau mit den Youngsters-Reportern an der Givebox im B\u00fcro Borsig11. Foto: Borsig11\/Sabitha Saul<\/figcaption><\/figure>\n<p>&nbsp;<\/p>\n<p>Wer ist f\u00fcr die Kultur zust\u00e4ndig? Wer kann wie daran teilhaben? Wie entsteht soziale Kreativit\u00e4t? Und woran erkennt man, dass sie gelingt? An der Diskussion unter Leitung des WDR-Moderators Matthias Bongard beteiligten sich Dortmunds Oberb\u00fcrgermeister Ullrich Sierau, Prof. Dieter Gorny, Gesch\u00e4ftsf\u00fchrer des european centre for creative economy, Stefan Schreiber, Hauptgesch\u00e4ftsf\u00fchrer der IHK zu Dortmund und Prof. Dr. J\u00fcrgen Howaldt, Gesch\u00e4ftsf\u00fchrer Sozialforschungsstelle der TU Dortmund. Es ging um die soziale Wirksamkeit kultureller Initiativen, um Effekte auf Quartier, Stadt, Wirtschaft und Gesellschaft. Neben F\u00f6rderern der Machbarschaft, namentlich der Vivawest-Stiftung, der BVB-Stiftung \u201eleuchte auf\u201c, ecce und der Kulturbetriebe der Stadt Dortmund waren auch regionale Kooperationspartner von Creative.NRW, der TalentMetropole Ruhr oder vom Social Impact Lab Duisburg, sowie zahlreiche lokale Partner von der KulturMeile Nordstadt, artscenico, Planerladen, Gr\u00fcnbau, Stadtteilschule Dortmund, ConcordiArt, Freundeskreis Hoeschpark, der Anne-Frank-Gesamtschule, der Vincenz-von-Paul-Schule u.v.a. zu Gast.<\/p>\n<p>&nbsp;<\/p>\n<figure id=\"attachment_7999\" aria-describedby=\"caption-attachment-7999\" style=\"width: 1200px\" class=\"wp-caption alignnone\"><img loading=\"lazy\" decoding=\"async\" class=\"size-full wp-image-7999\" src=\"https:\/\/www.borsig11.de\/wordpress\/wp-content\/uploads\/2017\/02\/0213do-Borsig11-Soziale-Kreativitaet-Schaper08w.jpg\" alt=\"\" width=\"1200\" height=\"800\" srcset=\"https:\/\/www.borsig11.de\/wordpress\/wp-content\/uploads\/2017\/02\/0213do-Borsig11-Soziale-Kreativitaet-Schaper08w.jpg 1200w, https:\/\/www.borsig11.de\/wordpress\/wp-content\/uploads\/2017\/02\/0213do-Borsig11-Soziale-Kreativitaet-Schaper08w-300x200.jpg 300w, https:\/\/www.borsig11.de\/wordpress\/wp-content\/uploads\/2017\/02\/0213do-Borsig11-Soziale-Kreativitaet-Schaper08w-768x512.jpg 768w, https:\/\/www.borsig11.de\/wordpress\/wp-content\/uploads\/2017\/02\/0213do-Borsig11-Soziale-Kreativitaet-Schaper08w-1024x683.jpg 1024w\" sizes=\"auto, (max-width: 1200px) 100vw, 1200px\" \/><figcaption id=\"caption-attachment-7999\" class=\"wp-caption-text\">Podiumsdiskussion zum Thema &#8222;soziale Kreativit\u00e4t&#8220;. V.l.n.r.: Prof. Dr. J\u00fcrgen Howaldt, Gesch\u00e4ftsf\u00fchrer der Sozialforschungsstelle TU Dortmund; Stefan Schreiber, Hauptgesch\u00e4ftsf\u00fchrer der IHK zu Dortmund; Ullrich Sierau, Oberb\u00fcrgermeister der Stadt Dortmund; NRW Wirtschaftsminister Garrelt Duin; Volker Pohl\u00fcke, Vorstand Machbarschaft Borsig11 e.V.; Prof. Dieter Gorny, Gesch\u00e4ftsf\u00fchrer ecce; Matthias Bongard, Moderator und Journalist. Foto: Oliver Schaper<\/figcaption><\/figure>\n<p>&nbsp;<\/p>\n<blockquote><p><em>\u201e&#8217;Raum f\u00fcr Kreative&#8216; ist eine Maxime meiner Wirtschaftspolitik. Dabei geht es auch darum, kreativen Unternehmern Platz zu schaffen und nicht alles durchzuregulieren. Nur in solchen Freir\u00e4umen entstehen Initiativen wie Borsig11, die ein Stadtviertel ver\u00e4ndern. Das Engagement der Vereinsmitglieder beeindruckt mich \u2013 vor allem ihr Ansatz, sich selbst als Unternehmer zu sehen.\u201c<\/em> Garrelt Duin, Wirtschaftsminister NRW<\/p>\n<p><em>\u201eWir haben hier in der Stadt viele wichtige Kulturzentren, die sozialen Einfluss auf ihr Umfeld nehmen. Freiwillige Leistungen aus dem Kulturbereich zu streichen, ist f\u00fcr uns keine L\u00f6sung, um Haushaltsl\u00f6cher zu stopfen. Dortmund hat auch f\u00fcr die Region eine gro\u00dfe kulturelle Bedeutung. Und hier geht es um viele Arbeitspl\u00e4tze.\u201c<\/em> Ullrich Sierau, Oberb\u00fcrgermeister der Stadt Dortmund<\/p><\/blockquote>\n<p>&nbsp;<\/p>\n<figure id=\"attachment_8001\" aria-describedby=\"caption-attachment-8001\" style=\"width: 1200px\" class=\"wp-caption alignnone\"><img loading=\"lazy\" decoding=\"async\" class=\"size-full wp-image-8001\" src=\"https:\/\/www.borsig11.de\/wordpress\/wp-content\/uploads\/2017\/02\/9_170213_Borsig11-FotoSabithaSaul_6677w1.jpg\" alt=\"\" width=\"1200\" height=\"800\" srcset=\"https:\/\/www.borsig11.de\/wordpress\/wp-content\/uploads\/2017\/02\/9_170213_Borsig11-FotoSabithaSaul_6677w1.jpg 1200w, https:\/\/www.borsig11.de\/wordpress\/wp-content\/uploads\/2017\/02\/9_170213_Borsig11-FotoSabithaSaul_6677w1-300x200.jpg 300w, https:\/\/www.borsig11.de\/wordpress\/wp-content\/uploads\/2017\/02\/9_170213_Borsig11-FotoSabithaSaul_6677w1-768x512.jpg 768w, https:\/\/www.borsig11.de\/wordpress\/wp-content\/uploads\/2017\/02\/9_170213_Borsig11-FotoSabithaSaul_6677w1-1024x683.jpg 1024w\" sizes=\"auto, (max-width: 1200px) 100vw, 1200px\" \/><figcaption id=\"caption-attachment-8001\" class=\"wp-caption-text\">NRW Wirtschaftsminister Garrelt Duin mit der Kreativ-W\u00e4hrung &#8222;Chancen&#8220; bei der Podiumsdiskussion zum Thema &#8222;soziale Kreativit\u00e4t&#8220; bei Machbarschaft Borsig11. Foto: Borsig11\/Sabitha Saul<\/figcaption><\/figure>\n<p>&nbsp;<\/p>\n<blockquote><p><em>\u201eIch verstehe Kulturf\u00f6rderung auch als Wirtschaftsf\u00f6rderung. Das hat Tradition in unserem Haus, und ein Wirtschaftsstandort funktioniert nur so. Unser Job ist es zum Beispiel unter anderem auch, zwischen Sch\u00fclern und Unternehmen eine Br\u00fccke zu bauen. Borsig11 l\u00e4uft bei uns offene T\u00fcren ein mit dem Projekt der Youngsters Akademie, das wir eingeladen haben, mit unseren Ausbildungsbotschaftern zu kooperieren.\u201c<\/em> Stefan Schreiber, Hauptgesch\u00e4ftsf\u00fchrer der IHK zu Dortmund<\/p>\n<p><em>&#8222;Wir m\u00fcssen begreifen, dass wir nicht nur Technologiezentren f\u00f6rdern k\u00f6nnen, sondern dass die F\u00f6rderung sozialer Innovationen mindestens ebenso wichtig ist. Viele Probleme lassen sich mit Technologie gar nicht l\u00f6sen. Der Ansatz, die Leute zu aktivieren, das ist glaube ich hier mit das Entscheidende. Vereine wie die Machbarschaft beeinflussen ihr Umfeld. Das rechnet sich mittelfristig auch wirtschaftlich.&#8220;<\/em> Prof. Dr. J\u00fcrgen Howaldt, Gesch\u00e4ftsf\u00fchrer der Sozialforschungsstelle, TU Dortmund<\/p><\/blockquote>\n<p>&nbsp;<\/p>\n<figure id=\"attachment_8000\" aria-describedby=\"caption-attachment-8000\" style=\"width: 1200px\" class=\"wp-caption alignnone\"><img loading=\"lazy\" decoding=\"async\" class=\"size-full wp-image-8000\" src=\"https:\/\/www.borsig11.de\/wordpress\/wp-content\/uploads\/2017\/02\/borsig11_gruppenbild_lisa_lemken_web2.jpg\" alt=\"\" width=\"1200\" height=\"797\" srcset=\"https:\/\/www.borsig11.de\/wordpress\/wp-content\/uploads\/2017\/02\/borsig11_gruppenbild_lisa_lemken_web2.jpg 1200w, https:\/\/www.borsig11.de\/wordpress\/wp-content\/uploads\/2017\/02\/borsig11_gruppenbild_lisa_lemken_web2-300x199.jpg 300w, https:\/\/www.borsig11.de\/wordpress\/wp-content\/uploads\/2017\/02\/borsig11_gruppenbild_lisa_lemken_web2-768x510.jpg 768w, https:\/\/www.borsig11.de\/wordpress\/wp-content\/uploads\/2017\/02\/borsig11_gruppenbild_lisa_lemken_web2-1024x680.jpg 1024w, https:\/\/www.borsig11.de\/wordpress\/wp-content\/uploads\/2017\/02\/borsig11_gruppenbild_lisa_lemken_web2-310x205.jpg 310w\" sizes=\"auto, (max-width: 1200px) 100vw, 1200px\" \/><figcaption id=\"caption-attachment-8000\" class=\"wp-caption-text\">Politik und Wirtschaft gemeinsam f\u00fcr Kreativit\u00e4t. V.l.n.r.: Volkan Baran, SPD Ratsvertretung Dortmund \/ Nordstadt; Uwe Goemann, Vivawest Stiftung; Ullrich Sierau, Oberb\u00fcrgermeister der Stadt Dortmund; Volker Pohl\u00fcke, Vorstand Machbarschaft Borsig 11 e.V.; Garrelt Duin, Wirtschaftsminister NRW; Dieter Gorny, Gesch\u00e4ftsf\u00fchrer ecce; Stefan Schreiber, Hauptgesch\u00e4ftsf\u00fchrer IHK zu Dortmund; Verena Krah, Vivawest Wohnen GmbH und Prof. Dr. J\u00fcrgen Howaldt, Sozialforschungsstelle TU Dortmund. Foto: Lisa Lemken<\/figcaption><\/figure>\n<p>&nbsp;<\/p>\n<p>Im Januar 2017 wurde in der Dortmunder Nordstadt auf Betreiben von Borsig11 und der KulturMeile Nordstadt ein Kreativ.Quartier etabliert, das kulturellen und sozialen Initiativen im Viertel neue Chancen er\u00f6ffnet. Das Gespr\u00e4ch am Borsigplatz ist ein Impuls, das Potential der Kreativwirtschaft f\u00fcr soziale Innovationen zu erkennen und weitere Partnerschaften zur F\u00f6rderung von Sozialunternehmen zu schlie\u00dfen.<\/p>\n<p>&nbsp;<\/p>\n<p><a href=\"http:\/\/www.borsig11.de\/download\/170213_infomappe_borsig11.pdf\" target=\"_blank\"><img loading=\"lazy\" decoding=\"async\" class=\"alignleft size-full wp-image-8249\" src=\"https:\/\/www.borsig11.de\/wordpress\/wp-content\/uploads\/2017\/02\/170213_infomappe_borsig11-100.jpg\" alt=\"\" width=\"100\" height=\"100\" \/><\/a><a href=\"http:\/\/www.borsig11.de\/download\/170213_infomappe_borsig11.pdf\" target=\"_blank\">&gt;&gt; download infomappe.pdf<\/a><\/p>\n","protected":false},"excerpt":{"rendered":"<p>Mo., 13. Februar 2017, 16 Uhr B\u00fcro Borsig11, Borsigplatz 9 NRW-Wirtschaftsminister Garrelt Duin zu Besuch am Dortmunder Borsigplatz \/ Diskussionsrunde bei Machbarschaft Borsig11 zum Thema \u201eWas macht die Kunst? Bedingungen und Wirkungen sozialer Kreativit\u00e4t\u201c Die Dortmunder Nordstadt ist kreativ. Nicht nur, weil hier viele K\u00fcnstler leben und arbeiten, sondern weil das multikulturelle Viertel &#8222;soziale Innovationen&#8220; &hellip;<\/p>\n","protected":false},"author":10,"featured_media":8558,"comment_status":"open","ping_status":"open","sticky":false,"template":"","format":"standard","meta":{"footnotes":""},"categories":[1,5,136],"tags":[186,152,232,245,244,180,246],"class_list":["post-7316","post","type-post","status-publish","format-standard","has-post-thumbnail","","category-aktuell","category-machbarschaft","category-public-residence","tag-borsig11","tag-chancen","tag-diskussion","tag-ecce","tag-garrelt-duin","tag-machbarschaft","tag-soziale-innovation"],"_links":{"self":[{"href":"https:\/\/www.borsig11.de\/wordpress\/wp-json\/wp\/v2\/posts\/7316","targetHints":{"allow":["GET"]}}],"collection":[{"href":"https:\/\/www.borsig11.de\/wordpress\/wp-json\/wp\/v2\/posts"}],"about":[{"href":"https:\/\/www.borsig11.de\/wordpress\/wp-json\/wp\/v2\/types\/post"}],"author":[{"embeddable":true,"href":"https:\/\/www.borsig11.de\/wordpress\/wp-json\/wp\/v2\/users\/10"}],"replies":[{"embeddable":true,"href":"https:\/\/www.borsig11.de\/wordpress\/wp-json\/wp\/v2\/comments?post=7316"}],"version-history":[{"count":0,"href":"https:\/\/www.borsig11.de\/wordpress\/wp-json\/wp\/v2\/posts\/7316\/revisions"}],"wp:featuredmedia":[{"embeddable":true,"href":"https:\/\/www.borsig11.de\/wordpress\/wp-json\/wp\/v2\/media\/8558"}],"wp:attachment":[{"href":"https:\/\/www.borsig11.de\/wordpress\/wp-json\/wp\/v2\/media?parent=7316"}],"wp:term":[{"taxonomy":"category","embeddable":true,"href":"https:\/\/www.borsig11.de\/wordpress\/wp-json\/wp\/v2\/categories?post=7316"},{"taxonomy":"post_tag","embeddable":true,"href":"https:\/\/www.borsig11.de\/wordpress\/wp-json\/wp\/v2\/tags?post=7316"}],"curies":[{"name":"wp","href":"https:\/\/api.w.org\/{rel}","templated":true}]}}